{"id":25687,"date":"2024-12-02T12:21:40","date_gmt":"2024-12-02T11:21:40","guid":{"rendered":"https:\/\/nadal.com\/?p=25687"},"modified":"2024-12-02T12:21:42","modified_gmt":"2024-12-02T11:21:42","slug":"salvatge-brut-40o-aniversario-una-edicion-especial-para-rememorar-sus-origenes","status":"publish","type":"post","link":"https:\/\/nadal.com\/es\/salvatge-brut-40o-aniversario-una-edicion-especial-para-rememorar-sus-origenes\/","title":{"rendered":"Salvatge Brut 40\u00ba Aniversario, una edici\u00f3n especial para rememorar sus or\u00edgenes"},"content":{"rendered":"\n<h2 class=\"wp-block-heading\">Se comercializar\u00e1n 1.984 botellas que, desde el dise\u00f1o hasta la cata, nos trasladan a la primera cosecha que se comercializ\u00f3<\/h2>\n\n\n\n<p>Cuando en 1984, tras una cosecha especialmente indicada para elaborar vinos espumosos, catamos los vinos de macabeo, no pudimos encontrar mejor t\u00e9rmino para describirlos que <em><strong>salva<\/strong><\/em><strong><em>jes<\/em><\/strong>. Unos vinos con mucha estructura y car\u00e1cter, muy frescos y arom\u00e1ticos, que dieron como resultado un espumoso \u00fanico y sorprendente. Cuarenta a\u00f1os despu\u00e9s, el Salvatge se ha convertido en un corpinnat insignia de Nadal.<\/p>\n\n\n\n<p>Para celebrar este aniversario (1984-2024), hemos creado una edici\u00f3n limitada: el <strong><a href=\"https:\/\/nadal.com\/es\/producto\/salvatge-brut-2021-40-aniversario\/\">Salvatge Brut Edici\u00f3n 40\u00ba Aniversario<\/a><\/strong>. Un corpinnat muy especial del que solo se han elaborado <strong>1.984 botellas<\/strong>, rindiendo homenaje a la primera a\u00f1ada. De hecho, este corpinnat nos recuerda el <strong>estilo de aquel primer Salvatge<\/strong>, por las caracter\u00edsticas de los vinos empleados para producirlo, el dosaje y licor de expedici\u00f3n, los 36 meses de crianza en la cava subterr\u00e1nea y la imagen de la primera cosecha comercializada.<\/p>\n\n\n\n<p>Con este nuevo corpinnat Brut de la cosecha 2021, queremos recordar los or\u00edgenes del Salvatge, un espumoso muy provocador, puro y soberbio que transgredi\u00f3 el estilo de los grandes vinos espumosos del Pened\u00e9s.<\/p>\n\n\n<div class=\"wp-block-image\">\n<figure class=\"aligncenter size-large is-resized\"><img decoding=\"async\" width=\"683\" height=\"1024\" data-src=\"https:\/\/nadal.com\/wp-content\/uploads\/2024\/10\/IMG_7834-683x1024.jpg\" alt=\"\" class=\"wp-image-25635 lazyload\" style=\"--smush-placeholder-width: 683px; --smush-placeholder-aspect-ratio: 683\/1024;width:340px;height:auto\" data-srcset=\"https:\/\/nadal.com\/wp-content\/uploads\/2024\/10\/IMG_7834-683x1024.jpg 683w, https:\/\/nadal.com\/wp-content\/uploads\/2024\/10\/IMG_7834-rotated-840x1260.jpg 840w, https:\/\/nadal.com\/wp-content\/uploads\/2024\/10\/IMG_7834-200x300.jpg 200w, https:\/\/nadal.com\/wp-content\/uploads\/2024\/10\/IMG_7834-768x1152.jpg 768w, https:\/\/nadal.com\/wp-content\/uploads\/2024\/10\/IMG_7834-1024x1536.jpg 1024w, https:\/\/nadal.com\/wp-content\/uploads\/2024\/10\/IMG_7834-rotated.jpg 1280w\" data-sizes=\"(max-width: 683px) 100vw, 683px\" src=\"data:image\/svg+xml;base64,PHN2ZyB3aWR0aD0iMSIgaGVpZ2h0PSIxIiB4bWxucz0iaHR0cDovL3d3dy53My5vcmcvMjAwMC9zdmciPjwvc3ZnPg==\" \/><\/figure><\/div>","protected":false},"excerpt":{"rendered":"<p>Se comercializar\u00e1n 1.984 botellas que, desde el dise\u00f1o hasta la cata, nos trasladan a la primera cosecha que se comercializ\u00f3 Cuando en 1984, tras una cosecha especialmente indicada para elaborar&hellip;<\/p>\n","protected":false},"author":2,"featured_media":0,"comment_status":"closed","ping_status":"closed","sticky":false,"template":"","format":"standard","meta":{"_acf_changed":false,"footnotes":""},"categories":[38],"tags":[],"class_list":["post-25687","post","type-post","status-publish","format-standard","hentry","category-noticias"],"acf":[],"yoast_head":"<!-- This site is optimized with the Yoast SEO plugin v26.6 - https:\/\/yoast.com\/wordpress\/plugins\/seo\/ -->\n<title>Salvatge Brut 40\u00ba Aniversario, una edici\u00f3n especial para rememorar sus or\u00edgenes - Nadal - Desde 1943<\/title>\n<meta name=\"robots\" content=\"index, follow, max-snippet:-1, max-image-preview:large, max-video-preview:-1\" \/>\n<link rel=\"canonical\" href=\"https:\/\/nadal.com\/es\/salvatge-brut-40o-aniversario-una-edicion-especial-para-rememorar-sus-origenes\/\" \/>\n<meta property=\"og:locale\" content=\"es_ES\" \/>\n<meta property=\"og:type\" content=\"article\" \/>\n<meta property=\"og:title\" content=\"Salvatge Brut 40\u00ba Aniversario, una edici\u00f3n especial para rememorar sus or\u00edgenes - Nadal - Desde 1943\" \/>\n<meta property=\"og:description\" content=\"Se comercializar\u00e1n 1.984 botellas que, desde el dise\u00f1o hasta la cata, nos trasladan a la primera cosecha que se comercializ\u00f3 Cuando en 1984, tras una cosecha especialmente indicada para elaborar&hellip;\" \/>\n<meta property=\"og:url\" content=\"https:\/\/nadal.com\/es\/salvatge-brut-40o-aniversario-una-edicion-especial-para-rememorar-sus-origenes\/\" \/>\n<meta property=\"og:site_name\" content=\"Nadal\" \/>\n<meta property=\"article:published_time\" content=\"2024-12-02T11:21:40+00:00\" \/>\n<meta property=\"article:modified_time\" content=\"2024-12-02T11:21:42+00:00\" \/>\n<meta property=\"og:image\" content=\"https:\/\/nadal.com\/wp-content\/uploads\/2024\/10\/IMG_7834-rotated.jpg\" \/>\n\t<meta property=\"og:image:width\" content=\"1280\" \/>\n\t<meta property=\"og:image:height\" content=\"1920\" \/>\n\t<meta property=\"og:image:type\" content=\"image\/jpeg\" \/>\n<meta name=\"author\" content=\"Xavier Nadal\" \/>\n<meta name=\"twitter:card\" content=\"summary_large_image\" \/>\n<meta name=\"twitter:label1\" content=\"Escrito por\" \/>\n\t<meta name=\"twitter:data1\" content=\"Xavier Nadal\" \/>\n\t<meta name=\"twitter:label2\" content=\"Tiempo de lectura\" \/>\n\t<meta name=\"twitter:data2\" content=\"2 minutos\" \/>\n<script type=\"application\/ld+json\" class=\"yoast-schema-graph\">{\"@context\":\"https:\/\/schema.org\",\"@graph\":[{\"@type\":\"WebPage\",\"@id\":\"https:\/\/nadal.com\/es\/salvatge-brut-40o-aniversario-una-edicion-especial-para-rememorar-sus-origenes\/\",\"url\":\"https:\/\/nadal.com\/es\/salvatge-brut-40o-aniversario-una-edicion-especial-para-rememorar-sus-origenes\/\",\"name\":\"Salvatge Brut 40\u00ba Aniversario, una edici\u00f3n especial para rememorar sus or\u00edgenes - Nadal - Desde 1943\",\"isPartOf\":{\"@id\":\"https:\/\/nadal.com\/es\/#website\"},\"primaryImageOfPage\":{\"@id\":\"https:\/\/nadal.com\/es\/salvatge-brut-40o-aniversario-una-edicion-especial-para-rememorar-sus-origenes\/#primaryimage\"},\"image\":{\"@id\":\"https:\/\/nadal.com\/es\/salvatge-brut-40o-aniversario-una-edicion-especial-para-rememorar-sus-origenes\/#primaryimage\"},\"thumbnailUrl\":\"https:\/\/nadal.com\/wp-content\/uploads\/2024\/10\/IMG_7834-683x1024.jpg\",\"datePublished\":\"2024-12-02T11:21:40+00:00\",\"dateModified\":\"2024-12-02T11:21:42+00:00\",\"author\":{\"@id\":\"https:\/\/nadal.com\/es\/#\/schema\/person\/eac908dc059ac343d16cb9d1231f95e5\"},\"breadcrumb\":{\"@id\":\"https:\/\/nadal.com\/es\/salvatge-brut-40o-aniversario-una-edicion-especial-para-rememorar-sus-origenes\/#breadcrumb\"},\"inLanguage\":\"es\",\"potentialAction\":[{\"@type\":\"ReadAction\",\"target\":[\"https:\/\/nadal.com\/es\/salvatge-brut-40o-aniversario-una-edicion-especial-para-rememorar-sus-origenes\/\"]}]},{\"@type\":\"ImageObject\",\"inLanguage\":\"es\",\"@id\":\"https:\/\/nadal.com\/es\/salvatge-brut-40o-aniversario-una-edicion-especial-para-rememorar-sus-origenes\/#primaryimage\",\"url\":\"https:\/\/nadal.com\/wp-content\/uploads\/2024\/10\/IMG_7834-683x1024.jpg\",\"contentUrl\":\"https:\/\/nadal.com\/wp-content\/uploads\/2024\/10\/IMG_7834-683x1024.jpg\"},{\"@type\":\"BreadcrumbList\",\"@id\":\"https:\/\/nadal.com\/es\/salvatge-brut-40o-aniversario-una-edicion-especial-para-rememorar-sus-origenes\/#breadcrumb\",\"itemListElement\":[{\"@type\":\"ListItem\",\"position\":1,\"name\":\"Inici\",\"item\":\"https:\/\/nadal.com\/es\/\"},{\"@type\":\"ListItem\",\"position\":2,\"name\":\"Salvatge Brut 40\u00ba Aniversario, una edici\u00f3n especial para rememorar sus or\u00edgenes\"}]},{\"@type\":\"WebSite\",\"@id\":\"https:\/\/nadal.com\/es\/#website\",\"url\":\"https:\/\/nadal.com\/es\/\",\"name\":\"Nadal\",\"description\":\"Desde 1943\",\"potentialAction\":[{\"@type\":\"SearchAction\",\"target\":{\"@type\":\"EntryPoint\",\"urlTemplate\":\"https:\/\/nadal.com\/es\/?s={search_term_string}\"},\"query-input\":{\"@type\":\"PropertyValueSpecification\",\"valueRequired\":true,\"valueName\":\"search_term_string\"}}],\"inLanguage\":\"es\"},{\"@type\":\"Person\",\"@id\":\"https:\/\/nadal.com\/es\/#\/schema\/person\/eac908dc059ac343d16cb9d1231f95e5\",\"name\":\"Xavier Nadal\",\"image\":{\"@type\":\"ImageObject\",\"inLanguage\":\"es\",\"@id\":\"https:\/\/nadal.com\/es\/#\/schema\/person\/image\/\",\"url\":\"https:\/\/secure.gravatar.com\/avatar\/051448e16b7f4bed2b88ffdef3f8a75377ba3ec64234bf619b67a5abbba80ffe?s=96&d=mm&r=g\",\"contentUrl\":\"https:\/\/secure.gravatar.com\/avatar\/051448e16b7f4bed2b88ffdef3f8a75377ba3ec64234bf619b67a5abbba80ffe?s=96&d=mm&r=g\",\"caption\":\"Xavier Nadal\"}}]}<\/script>\n<!-- \/ Yoast SEO plugin. -->","yoast_head_json":{"title":"Salvatge Brut 40\u00ba Aniversario, una edici\u00f3n especial para rememorar sus or\u00edgenes - Nadal - Desde 1943","robots":{"index":"index","follow":"follow","max-snippet":"max-snippet:-1","max-image-preview":"max-image-preview:large","max-video-preview":"max-video-preview:-1"},"canonical":"https:\/\/nadal.com\/es\/salvatge-brut-40o-aniversario-una-edicion-especial-para-rememorar-sus-origenes\/","og_locale":"es_ES","og_type":"article","og_title":"Salvatge Brut 40\u00ba Aniversario, una edici\u00f3n especial para rememorar sus or\u00edgenes - Nadal - Desde 1943","og_description":"Se comercializar\u00e1n 1.984 botellas que, desde el dise\u00f1o hasta la cata, nos trasladan a la primera cosecha que se comercializ\u00f3 Cuando en 1984, tras una cosecha especialmente indicada para elaborar&hellip;","og_url":"https:\/\/nadal.com\/es\/salvatge-brut-40o-aniversario-una-edicion-especial-para-rememorar-sus-origenes\/","og_site_name":"Nadal","article_published_time":"2024-12-02T11:21:40+00:00","article_modified_time":"2024-12-02T11:21:42+00:00","og_image":[{"width":1280,"height":1920,"url":"https:\/\/nadal.com\/wp-content\/uploads\/2024\/10\/IMG_7834-rotated.jpg","type":"image\/jpeg"}],"author":"Xavier Nadal","twitter_card":"summary_large_image","twitter_misc":{"Escrito por":"Xavier Nadal","Tiempo de lectura":"2 minutos"},"schema":{"@context":"https:\/\/schema.org","@graph":[{"@type":"WebPage","@id":"https:\/\/nadal.com\/es\/salvatge-brut-40o-aniversario-una-edicion-especial-para-rememorar-sus-origenes\/","url":"https:\/\/nadal.com\/es\/salvatge-brut-40o-aniversario-una-edicion-especial-para-rememorar-sus-origenes\/","name":"Salvatge Brut 40\u00ba Aniversario, una edici\u00f3n especial para rememorar sus or\u00edgenes - Nadal - Desde 1943","isPartOf":{"@id":"https:\/\/nadal.com\/es\/#website"},"primaryImageOfPage":{"@id":"https:\/\/nadal.com\/es\/salvatge-brut-40o-aniversario-una-edicion-especial-para-rememorar-sus-origenes\/#primaryimage"},"image":{"@id":"https:\/\/nadal.com\/es\/salvatge-brut-40o-aniversario-una-edicion-especial-para-rememorar-sus-origenes\/#primaryimage"},"thumbnailUrl":"https:\/\/nadal.com\/wp-content\/uploads\/2024\/10\/IMG_7834-683x1024.jpg","datePublished":"2024-12-02T11:21:40+00:00","dateModified":"2024-12-02T11:21:42+00:00","author":{"@id":"https:\/\/nadal.com\/es\/#\/schema\/person\/eac908dc059ac343d16cb9d1231f95e5"},"breadcrumb":{"@id":"https:\/\/nadal.com\/es\/salvatge-brut-40o-aniversario-una-edicion-especial-para-rememorar-sus-origenes\/#breadcrumb"},"inLanguage":"es","potentialAction":[{"@type":"ReadAction","target":["https:\/\/nadal.com\/es\/salvatge-brut-40o-aniversario-una-edicion-especial-para-rememorar-sus-origenes\/"]}]},{"@type":"ImageObject","inLanguage":"es","@id":"https:\/\/nadal.com\/es\/salvatge-brut-40o-aniversario-una-edicion-especial-para-rememorar-sus-origenes\/#primaryimage","url":"https:\/\/nadal.com\/wp-content\/uploads\/2024\/10\/IMG_7834-683x1024.jpg","contentUrl":"https:\/\/nadal.com\/wp-content\/uploads\/2024\/10\/IMG_7834-683x1024.jpg"},{"@type":"BreadcrumbList","@id":"https:\/\/nadal.com\/es\/salvatge-brut-40o-aniversario-una-edicion-especial-para-rememorar-sus-origenes\/#breadcrumb","itemListElement":[{"@type":"ListItem","position":1,"name":"Inici","item":"https:\/\/nadal.com\/es\/"},{"@type":"ListItem","position":2,"name":"Salvatge Brut 40\u00ba Aniversario, una edici\u00f3n especial para rememorar sus or\u00edgenes"}]},{"@type":"WebSite","@id":"https:\/\/nadal.com\/es\/#website","url":"https:\/\/nadal.com\/es\/","name":"Nadal","description":"Desde 1943","potentialAction":[{"@type":"SearchAction","target":{"@type":"EntryPoint","urlTemplate":"https:\/\/nadal.com\/es\/?s={search_term_string}"},"query-input":{"@type":"PropertyValueSpecification","valueRequired":true,"valueName":"search_term_string"}}],"inLanguage":"es"},{"@type":"Person","@id":"https:\/\/nadal.com\/es\/#\/schema\/person\/eac908dc059ac343d16cb9d1231f95e5","name":"Xavier Nadal","image":{"@type":"ImageObject","inLanguage":"es","@id":"https:\/\/nadal.com\/es\/#\/schema\/person\/image\/","url":"https:\/\/secure.gravatar.com\/avatar\/051448e16b7f4bed2b88ffdef3f8a75377ba3ec64234bf619b67a5abbba80ffe?s=96&d=mm&r=g","contentUrl":"https:\/\/secure.gravatar.com\/avatar\/051448e16b7f4bed2b88ffdef3f8a75377ba3ec64234bf619b67a5abbba80ffe?s=96&d=mm&r=g","caption":"Xavier Nadal"}}]}},"_links":{"self":[{"href":"https:\/\/nadal.com\/es\/wp-json\/wp\/v2\/posts\/25687","targetHints":{"allow":["GET"]}}],"collection":[{"href":"https:\/\/nadal.com\/es\/wp-json\/wp\/v2\/posts"}],"about":[{"href":"https:\/\/nadal.com\/es\/wp-json\/wp\/v2\/types\/post"}],"author":[{"embeddable":true,"href":"https:\/\/nadal.com\/es\/wp-json\/wp\/v2\/users\/2"}],"replies":[{"embeddable":true,"href":"https:\/\/nadal.com\/es\/wp-json\/wp\/v2\/comments?post=25687"}],"version-history":[{"count":4,"href":"https:\/\/nadal.com\/es\/wp-json\/wp\/v2\/posts\/25687\/revisions"}],"predecessor-version":[{"id":25798,"href":"https:\/\/nadal.com\/es\/wp-json\/wp\/v2\/posts\/25687\/revisions\/25798"}],"wp:attachment":[{"href":"https:\/\/nadal.com\/es\/wp-json\/wp\/v2\/media?parent=25687"}],"wp:term":[{"taxonomy":"category","embeddable":true,"href":"https:\/\/nadal.com\/es\/wp-json\/wp\/v2\/categories?post=25687"},{"taxonomy":"post_tag","embeddable":true,"href":"https:\/\/nadal.com\/es\/wp-json\/wp\/v2\/tags?post=25687"}],"curies":[{"name":"wp","href":"https:\/\/api.w.org\/{rel}","templated":true}]}}